{"id":108,"date":"2020-08-17T03:21:35","date_gmt":"2020-08-17T01:21:35","guid":{"rendered":"https:\/\/www.am-kalkofen.de\/?p=108"},"modified":"2020-08-17T03:21:35","modified_gmt":"2020-08-17T01:21:35","slug":"18-minuetige-doku-ueber-die-levis-jeans","status":"publish","type":"post","link":"https:\/\/www.am-kalkofen.de\/?p=108","title":{"rendered":"18-min\u00fctige Doku \u00fcber die Levi\u2019s Jeans!"},"content":{"rendered":"<p>Wer mich kennt, weiss, dass ich ein echter Jeans Maniac bin. Logischerweise zieh ich mir auch immer wieder gerne eine Doku rein, wenn ich \u00fcber eine stolpere. Und Asche auf mein Haupt, ich habe eine direkt bei Levi\u2019s irgendwie \u00fcbersehen, denn die Doku ist bereits \u00fcber 4 Jahre alt, n\u00e4mlich aus dem Jahr 2016.<\/p>\n<p>Die Doku handelt \u00fcber die 501\u00ae Jean, ist die volle Dokumentation, die anscheinend urspr\u00fcnglich aus 3 Teilen bestand.<\/p>\n<blockquote><p>Levi&#8217;s\u00ae pr\u00e4sentiert The 501\u00ae Jean: Geschichten eines Originals, eine dreiteilige Dokumentation, die den Einfluss des 501\u00ae Jean auf die Popul\u00e4rkultur feiert.<\/p><\/blockquote>\n<p><iframe loading=\"lazy\" title=\"The 501\u00ae Jean: Stories of an Original | Full Documentary\" width=\"625\" height=\"352\" src=\"https:\/\/www.youtube.com\/embed\/6R9cAoCyatA?feature=oembed\" frameborder=\"0\" allow=\"accelerometer; autoplay; clipboard-write; encrypted-media; gyroscope; picture-in-picture; web-share\" referrerpolicy=\"strict-origin-when-cross-origin\" allowfullscreen><\/iframe><\/p>\n<p>Echt viel Wissenswertes \u00fcber die ber\u00fchmte Levi\u2019s Jeans Hose. Falls sich wer fragt, woher das Wort Jeans kommt, wie alles generell begann, die unterschiedlichen Epochen und vieles mehr kann man auf <a href=\"https:\/\/www.hasepost.de\/woher-kommt-das-wort-jeans-197862\/\" rel=\"noopener noreferrer\" target=\"_blank\">hasepost.de<\/a> nachlesen. Aber auch <a href=\"https:\/\/www.geo.de\/geolino\/mensch\/9918-rtkl-cool-und-bequem-die-jeans\" rel=\"noopener noreferrer\" target=\"_blank\">GEO.de<\/a> und <a href=\"https:\/\/www.vogue.de\/mode\/artikel\/vogue-lexikon-denim-jeans\" rel=\"noopener noreferrer\" target=\"_blank\">Vogue.de<\/a> haben viel Interessantes zur Jeans Hose zusammengetragen!<\/p>\n<p>Falls wer irgendwo eine gute Doku zum Thema Jeanshosen noch kennt oder wo gesehen hat, egal welche Marke, lasst es mich wissen. Ich bin immer auf der Suche und schau mir wirklich alles an.<\/p>\n","protected":false},"excerpt":{"rendered":"<p>Wer mich kennt, weiss, dass ich ein echter Jeans Maniac bin. Logischerweise zieh ich mir auch immer wieder gerne eine Doku rein, wenn ich \u00fcber eine stolpere. Und Asche auf mein Haupt, ich habe eine direkt bei Levi\u2019s irgendwie \u00fcbersehen, denn die Doku ist bereits \u00fcber 4 Jahre alt, n\u00e4mlich&#8230; <a href=\"https:\/\/www.am-kalkofen.de\/?p=108\">Read more &raquo;<\/a><\/p>\n","protected":false},"author":1,"featured_media":0,"comment_status":"closed","ping_status":"closed","sticky":false,"template":"","format":"standard","meta":{"footnotes":""},"categories":[1,3],"tags":[],"class_list":["post-108","post","type-post","status-publish","format-standard","hentry","category-allgemein","category-video-clips"],"_links":{"self":[{"href":"https:\/\/www.am-kalkofen.de\/index.php?rest_route=\/wp\/v2\/posts\/108","targetHints":{"allow":["GET"]}}],"collection":[{"href":"https:\/\/www.am-kalkofen.de\/index.php?rest_route=\/wp\/v2\/posts"}],"about":[{"href":"https:\/\/www.am-kalkofen.de\/index.php?rest_route=\/wp\/v2\/types\/post"}],"author":[{"embeddable":true,"href":"https:\/\/www.am-kalkofen.de\/index.php?rest_route=\/wp\/v2\/users\/1"}],"replies":[{"embeddable":true,"href":"https:\/\/www.am-kalkofen.de\/index.php?rest_route=%2Fwp%2Fv2%2Fcomments&post=108"}],"version-history":[{"count":1,"href":"https:\/\/www.am-kalkofen.de\/index.php?rest_route=\/wp\/v2\/posts\/108\/revisions"}],"predecessor-version":[{"id":109,"href":"https:\/\/www.am-kalkofen.de\/index.php?rest_route=\/wp\/v2\/posts\/108\/revisions\/109"}],"wp:attachment":[{"href":"https:\/\/www.am-kalkofen.de\/index.php?rest_route=%2Fwp%2Fv2%2Fmedia&parent=108"}],"wp:term":[{"taxonomy":"category","embeddable":true,"href":"https:\/\/www.am-kalkofen.de\/index.php?rest_route=%2Fwp%2Fv2%2Fcategories&post=108"},{"taxonomy":"post_tag","embeddable":true,"href":"https:\/\/www.am-kalkofen.de\/index.php?rest_route=%2Fwp%2Fv2%2Ftags&post=108"}],"curies":[{"name":"wp","href":"https:\/\/api.w.org\/{rel}","templated":true}]}}